{"id":11108,"date":"2024-10-14T10:17:03","date_gmt":"2024-10-14T10:17:03","guid":{"rendered":"https:\/\/davidorban.com\/?p=11108"},"modified":"2024-10-14T10:17:46","modified_gmt":"2024-10-14T10:17:46","slug":"radiointerju-a-technologiai-szingularitasrol","status":"publish","type":"post","link":"https:\/\/davidorban.com\/hu\/2024\/10\/radiointerju-a-technologiai-szingularitasrol\/","title":{"rendered":"R\u00e1di\u00f3interj\u00fa a technol\u00f3giai szingularit\u00e1sr\u00f3l"},"content":{"rendered":"\n<p><em>N\u00e9h\u00e1ny nappal ezel\u0151tt interj\u00fat adtam \u00c9rczfalvi Andr\u00e1snak a TrendFM r\u00e1di\u00f3\u00e1llom\u00e1s <a href=\"https:\/\/trendfm.hu\/adas\/monitor-delutan-erczfalvi-andrassal-183902\" title=\"\">Monitor D\u00e9lut\u00e1n<\/a> c\u00edm\u0171 m\u0171sor\u00e1ban. Az al\u00e1bbiakban az interj\u00fa szerkesztett v\u00e1ltozata olvashat\u00f3.<\/em><\/p>\n\n\n\n<figure class=\"wp-block-embed is-type-video is-provider-youtube wp-block-embed-youtube wp-embed-aspect-16-9 wp-has-aspect-ratio\"><div class=\"wp-block-embed__wrapper\">\n<div class=\"epyt-video-wrapper\"><iframe  id=\"_ytid_59207\"  width=\"480\" height=\"270\"  data-origwidth=\"480\" data-origheight=\"270\" src=\"https:\/\/www.youtube.com\/embed\/-gJhxxtx_Yk?enablejsapi=1&#038;autoplay=0&#038;cc_load_policy=0&#038;cc_lang_pref=&#038;iv_load_policy=1&#038;loop=0&#038;rel=0&#038;fs=1&#038;playsinline=0&#038;autohide=2&#038;theme=dark&#038;color=red&#038;controls=1&#038;disablekb=0&#038;\" class=\"__youtube_prefs__  epyt-is-override  no-lazyload\" title=\"YouTube player\"  allow=\"fullscreen; accelerometer; autoplay; clipboard-write; encrypted-media; gyroscope; picture-in-picture; web-share\" referrerpolicy=\"strict-origin-when-cross-origin\" allowfullscreen data-no-lazy=\"1\" data-skipgform_ajax_framebjll=\"\"><\/iframe><\/div>\n<\/div><\/figure>\n\n\n\n<p>\u00c9rczfalvi Andr\u00e1s<br>Folytat\u00f3dik a Monitor D\u00e9lut\u00e1n, okt\u00f3ber 11-e, <a href=\"https:\/\/mvmfuturetalks.hu\" title=\"\">MVM Future Talks<\/a>, \u00e9s ahogy ezt a beharangoz\u00f3ban is eml\u00edtettem, a telefonvonal m\u00e1sik v\u00e9g\u00e9n vend\u00e9gem lesz Orb\u00e1n D\u00e1vid, aki szerz\u0151, el\u0151ad\u00f3, az Actioneer alap\u00edt\u00f3ja, vez\u00e9rigazgat\u00f3ja \u00e9s az MVM Future Talks szak\u00e9rt\u0151je. J\u00f3 napot k\u00edv\u00e1nok!<\/p>\n\n\n\n<p>David Orban<br>J\u00f3 napot k\u00edv\u00e1nok! K\u00f6sz\u00f6n\u00f6m, hogy itt lehetek!<\/p>\n\n\n\n<p>\u00c9rczfalvi<br>D\u00e1vid Orb\u00e1n, Orb\u00e1n D\u00e1vid, azt mondtam, most Magyarorsz\u00e1gon vagyunk, most itt besz\u00e9lget\u00fcnk, akkor Orb\u00e1n D\u00e1vidk\u00e9nt mutathatom be. Lesz egy nagyon izgalmas el\u0151ad\u00e1sa, \u00e9n l\u00e1ttam a k\u00f6nyv\u00e9nek egy fejezet\u00e9t, Valami \u00daj, ez a c\u00edme. \u201cA mesters\u00e9ges intelligenci\u00e1k \u00e9s mi, egy korszak, amikor nincs \u00faj a nap alatt, t\u00f6bb\u00e9 nem igaz\u201d. Ez egy t\u00f6bbsz\u00f6r\u00f6sen \u00f6sszetett mondat, de gondolom sz\u00e9tsz\u00e1ll azzal, ki bontja majd okt\u00f3ber 11-\u00e9n.<\/p>\n\n\n\n<p>Orban<br>Igen ezeket a k\u00e9rd\u00e9seket vitatjuk meg az MVM Future Talks-ban, \u00e9s az \u00e9rdekl\u0151d\u0151k \u00e9l\u0151ben is k\u00f6vethetik a m\u0171sort okt\u00f3ber 11-\u00e9n az mvmfuturetalks.hu weboldalon. Mesters\u00e9ges intelligenci\u00e1r\u00f3l, az emberi \u00e9lettartam meghosszabb\u00edt\u00e1s\u00e1r\u00f3l lesz sz\u00f3. \u00dagy \u00e1ltal\u00e1ban, hogy hogyan v\u00e1ltozik meg a vil\u00e1g a technol\u00f3gia alapj\u00e1n, hiszen ez az \u00e9n t\u00e9telem.<\/p>\n\n\n\n<p>\u00c9rczfalvi<br>Ez az \u00f6n t\u00e9tele. Egy\u00e9bk\u00e9nt mivel foglalkozik azon t\u00fal, amiket elmondtam itt a bemutat\u00e1sban?<\/p>\n\n\n\n<p>Orban<br>\u00c9n kutat\u00f3, befektet\u0151 vagyok, k\u00fcl\u00f6nb\u00f6z\u0151 c\u00e9geim, v\u00e1llalkoz\u00e1saim vannak Amerik\u00e1ban, Dub\u00e1jban. B\u00e1r Budapesten sz\u00fclettem, de ritk\u00e1n vagyok Magyarorsz\u00e1gon, ez\u00e9rt vagyok nagyon boldog, hogy megh\u00edvtak az MVM Future Talks-ra, mert szeretek Magyarorsz\u00e1gon is besz\u00e9lni ezekr\u0151l a t\u00e9m\u00e1kr\u00f3l, \u00e9s \u00f6r\u00fcl\u00f6k, hogy a k\u00f6nyvem is megjelenik most magyar kiad\u00e1sban, az angol, olasz \u00e9s spanyol kiad\u00e1sok ut\u00e1n.<\/p>\n\n\n\n<p>\u00c9rczfalvi<br>Technol\u00f3gia, mesters\u00e9ges intelligencia, h\u00e1t ezzel most itt m\u00e1r lassan \u00e9vek \u00f3ta el vagyunk foglalva, de az elm\u00falt \u00e9vekben ez nagyon hangs\u00falyos lett, f\u0151leg a mesters\u00e9ges intelligencia. Nyilv\u00e1n \u00f6n nem j\u00f6v\u0151kutat\u00f3, de a j\u00f6v\u0151t f\u00fcrk\u00e9szi m\u00e1r csak a befektet\u00e9sei miatt is. \u00d6n mit gondol? \u00c1ld\u00e1s vagy \u00e1tok a mesters\u00e9ges intelligencia? Min m\u00falik ez?<\/p>\n\n\n\n<p>Orban<br>Tulajdonk\u00e9ppen nem igaz, hogy ez a k\u00e9tf\u00e9le m\u00f3d, hogy n\u00e9zz\u00fck a probl\u00e9m\u00e1t, ellent mondjon egym\u00e1snak. \u00c9n p\u00e9ld\u00e1ul nagyon lelkes vagyok a technol\u00f3gia ir\u00e1ny\u00e1ban, de az nem jelenti azt, hogy nem venn\u00e9m figyelembe, hogy milyen k\u00e1rt is okozhat. Teh\u00e1t mindannyiunknak kell alaposan elemezni, azon a szinten, ahogy tudjuk. Ez\u00e9rt fontosak ezek az interj\u00fak, ez\u00e9rt fontosak ezek a konferenci\u00e1k, hogy min\u00e9l ink\u00e1bb meg\u00e9rts\u00fck, milyen k\u00e9rd\u00e9seket tegy\u00fcnk fel a mesters\u00e9ges intelligencia felm\u00e9r\u00e9s\u00e9nek alapj\u00e1n, \u00e9s tulajdonk\u00e9ppen a mesters\u00e9ges intelligenci\u00e1nak is, hiszen m\u00e1r ak\u00e1rki ingyen, magyarul is haszn\u00e1lhatja a ChaGPT-t, \u00e9s el lehet vele besz\u00e9lgetni, hogy mit gondol a dolgokr\u00f3l, \u00f6nmag\u00e1r\u00f3l is, mit gondol a t\u00e1rsadalomr\u00f3l, a tudom\u00e1nyr\u00f3l. \u00c9s e szerint ez nagyon fontos besz\u00e9lget\u00e9s, hiszen a j\u00f6v\u0151t nem fogjuk egyed\u00fcl megtervezni, hanem a mesters\u00e9ges intelligenci\u00e1val egy\u00fctt.<\/p>\n\n\n\n<p>\u00c9rczfalvi<br>H\u00e1t igen, lassan ebben a besz\u00e9lget\u00e9sben is \u00e9n mindenk\u00e9ppen p\u00f3tolhat\u00f3 lenn\u00e9k, hogy a mesters\u00e9ges intelligencia remek\u00fcl fel tudna emberi hangot tenni ezeket a k\u00e9rd\u00e9seket, vagy sokkal jobbakat, ez eg\u00e9szen biztos. Nagyon tetszett, a k\u00f6nyv el\u0151szav\u00e1ban azt \u00edrja, ez a k\u00f6nyv a technol\u00f3gia, a mesters\u00e9ges intelligencia az egy\u00e9n \u00e9s a t\u00e1rsadalom evol\u00faci\u00f3j\u00e1nak t\u00e9m\u00e1it t\u00e1rgyalja. Nagyon fontos, \u00e9s az is fontos, amit \u00f6n mondott, hogy mindenkinek a saj\u00e1t szintj\u00e9n ezzel foglalkozni kell, mert egy m\u00e1sik meg\u00e1llap\u00edt\u00e1s az el\u0151sz\u00f3b\u00f3l, hogy az m\u00e1r nem igaz, hogy nincs \u00faj a nap alatt egy legyint\u00e9ssel elint\u00e9zz\u00fck azt, hogy volt m\u00e1r ilyen forradalom, ak\u00e1r technika, technol\u00f3giai forradalom, ezt is t\u00fal\u00e9lj\u00fck. Majd enn\u00e9l sokkal t\u00f6bbr\u0151l van sz\u00f3.<\/p>\n\n\n\n<p>Orban<br>Fontos meg\u00e9rteni, hogy a technol\u00f3gia nem z\u00e9ro \u00f6sszeg\u0171 j\u00e1t\u00e9k. Hanem egy olyan folyamat, ami az emberis\u00e9g jav\u00e1t szolg\u00e1lhatja, ha megfelel\u0151en alkalmazzuk. \u00c9s bevezetem a k\u00f6nyvben a technol\u00f3giai szingularit\u00e1s koncepci\u00f3j\u00e1t, ami akkor jelenik meg a vil\u00e1gban, amikor a mesters\u00e9ges intelligenci\u00e1k tudnak nem csak alkalmazkodni a k\u00fcl\u00f6nb\u00f6z\u0151 kih\u00edv\u00e1sokhoz \u00e9s k\u00f6r\u00fclm\u00e9nyekhez, hanem meg tudj\u00e1k v\u00e1ltoztatni a saj\u00e1t term\u00e9szet\u00fcket. Meg\u00e9rtik a programoz\u00e1s m\u00f3dot, ahogy f\u00f6l lettek \u00e9p\u00edtve, \u00e9s elindulnak egy \u00faton, hogy az emberis\u00e9g jav\u00e1ra, de egyre ink\u00e1bb \u00f6n\u00e1ll\u00f3an kutass\u00e1k a v\u00e1laszokat ezekre a k\u00e9rd\u00e9sekre.<\/p>\n\n\n\n<p>\u00c9rczfalvi<br>Kutassunk, f\u00fcrk\u00e9sz\u00fcnk, \u00e9s m\u00e9g t\u00e1vcs\u00f6v\u00fcnk is van, csak megint id\u00e9zek a k\u00f6nyvb\u0151l, ez nagyon tetszett, a dinoszauruszoknak nem voltak t\u00e1vcs\u00f6veik, tal\u00e1n ez\u00e9rt nem tudt\u00e1k elker\u00fclni a kihal\u00e1s, de most csak ez f\u00e9lig tr\u00e9f\u00e1san, de valami hasonl\u00f3 gondolatmenetet van is itt a k\u00f6nyv tal\u00e1n els\u0151 fejezet\u00e9ben, ha j\u00f3l l\u00e1ttam.<\/p>\n\n\n\n<p>Orban<br>Val\u00f3ban, hogy ha lett volna t\u00e1vcs\u00f6v\u00fck a dinoszauruszoknak, legal\u00e1bb megl\u00e1tt\u00e1k volna, hogy j\u00f6n a meteor. \u00c9s mi nek\u00fcnk is van tudom\u00e1nyunk, teh\u00e1t a tudom\u00e1ny eszk\u00f6zeit kell, hogy haszn\u00e1ljuk, ahogy \u00e9vezredeken kereszt\u00fcl csin\u00e1ltuk min\u00e9l effekt\u00edvebb m\u00f3don, hogy a tudom\u00e1ny seg\u00edtsen a kih\u00edv\u00e1sainkat elemezni, ha lehet t\u00fal\u00e9lni. Nincsen garancia r\u00f3la, nem nincs le\u00edrva sehol, m\u00e9g a k\u00f6nyvemben se, hogy minden k\u00e9rd\u00e9sre, minden probl\u00e9m\u00e1nkra volna v\u00e1lasz. Elkezdj\u00fck keresni, \u00e9s ha lehet min\u00e9l nyitottabb form\u00e1ban, elker\u00fclve p\u00e9ld\u00e1ul az alkimist\u00e1knak azt a hib\u00e1j\u00e1t, ahol eld\u00f6nt\u00f6tt\u00e9k, hogy titkosan kell, hogy kutassanak, \u00e9s nem osztott\u00e1k meg a tud\u00e1sukat. Ink\u00e1bb el kell, hogy ker\u00fclj\u00fck, hogy a mesters\u00e9ges intelligencia is z\u00e1rt rendszer legyen. Min\u00e9l nyitottabb m\u00f3don tudjuk ezt elemezni \u00e9s felhaszn\u00e1lni el\u0151revinni, ann\u00e1l val\u00f3sz\u00edn\u0171lebb szerintem, hogy az emberis\u00e9g el\u0151ny\u00e9re \u00e9s jav\u00e1ra lesz.<\/p>\n\n\n\n<p>\u00c9rczfalvi<br>H\u00e1t igen, csak ez bonyolult, mert az alkimist\u00e1k is az\u00e9rt \u0151rizt\u00e9k a receptet, mert az versenyel\u0151ny volt az \u0151 sz\u00e1mukra mindenk\u00e9ppen, most hasonl\u00f3k\u00e9ppen csak sokkal nagyobb a t\u00e9t, \u00e9s nagyobb t\u00e9tbe j\u00e1tsza ezt az emberis\u00e9g, hogy akik a tud\u00e1s birtok\u00e1ban vannak, azok vajon transzparens\u00e9 teszik-e ezt? Ezt is szeretn\u00e9m, ha megv\u00e1laszolna ezt a felvet\u00e9semet, a m\u00e1sik pedig, amit \u00f6nt\u0151l id\u00e9zek, megint csak az a kommunik\u00e1ci\u00f3, meg a m\u00e9diumok felel\u0151ss\u00e9ge, hogy hogyan t\u00e1lalj\u00e1k mindezt. Nem z\u00e9r\u00f3 \u00f6sszeg\u0171 j\u00e1t\u00e9k tal\u00e1n itt ennek a fejezetnek ez a c\u00edme, sz\u00f3val az inform\u00e1ci\u00f3ny\u00fajt\u00e1s \u00e9s kiegyens\u00falyozotts\u00e1g.<\/p>\n\n\n\n<p>Orban<br>Igen, \u00e9s szerintem tulajdonk\u00e9ppen megvan a lehet\u0151s\u00e9ge mindenkinek, hogy elm\u00e9ly\u00fclj\u00f6n, belen\u00e9zzen, ha megvan a k\u00edv\u00e1ncsis\u00e1g benne, hogy mit jelent az \u0151 sz\u00e1m\u00e1ra a k\u00fcl\u00f6nb\u00f6z\u0151 technol\u00f3giai el\u0151rel\u00e9p\u00e9s, a csal\u00e1dj\u00e1ra, a munkahely\u00e9re, a t\u00e1rsadalm\u00e1ra. Nem lesz egyetlen v\u00e1lasz, ami az eg\u00e9sz f\u00f6ldbolyg\u00f3ra \u00e9rv\u00e9nyes. Megvan az el\u0151nye annak a k\u00fcl\u00f6nbs\u00e9gnek p\u00e9ld\u00e1ul, ami a k\u00ednai messzels\u00e9ges intelligencia \u00e9s az amerikai messzels\u00e9ges intelligencia k\u00f6z\u00f6tt van. Hiszen vannak etikai, politikai, k\u00f6zgazdas\u00e1gi probl\u00e9m\u00e1k, amikre a mesters\u00e9ges intelligenci\u00e1t fogjuk alkalmazni, illetve m\u00e1r alkalmazzuk is, \u00e9s a vil\u00e1gn\u00e9zet\u00fcnk alapj\u00e1n k\u00fcl\u00f6nb\u00f6z\u0151 v\u00e1laszokat fogunk kifejleszteni. Ez a folyamat, hasonl\u00edt a m\u00faltbeli k\u00f6zgazdas\u00e1gi versenyekhez, csak sokkal gyorsabban t\u00f6rt\u00e9nik. \u00c9s a kih\u00edv\u00e1s az egy\u00e9nek sz\u00e1m\u00e1ra val\u00f3ban az, hogy tudnak-e alkalmazkodni ahhoz az \u00faj vil\u00e1ghoz, ami nem \u00e9vtizedr\u0151l \u00e9vtizedre, hanem napr\u00f3l napra a szem\u00fck el\u0151tt n\u0151 fel, mesters\u00e9ges intelligenci\u00e1val, de az egy\u00e9ni d\u00f6nt\u00e9s\u00fcnk alapj\u00e1n is.<\/p>\n\n\n\n<p>\u00c9rczfalvi<br>Mindig eszembe jut, amikor a mesters\u00e9ges intelligencia sz\u00f3ba ker\u00fcl a vadnyugat, amikor azt\u00e1n j\u00f6ttek a mozdonyok, ott is nagy vesztesek voltak, de el\u0151bb-ut\u00f3bb azt\u00e1n mindenki felsz\u00e1llt a vonatra, ott valahogy volt id\u0151. Volt id\u0151 megszokni, volt id\u0151 hozz\u00e1szokni, \u00e9s az\u00e9rt volt alternat\u00edva, mert a lovak m\u00e9g ott futtak a mozdonyok vagy a vonatkocsik mellett. Most \u00e9n \u00fagy \u00e9rz\u00e9kelem, hogy ez a mesters\u00e9ges intelligencia nagyon gyors, \u00e9s nagyon sokan azt gondolj\u00e1k, hogy \u0151k nem el\u00e9g gyorsak ahhoz, hogy felsz\u00e1lljanak erre a vonatra. Valahogy k\u00fcl\u00f6nb\u00f6z\u0151 gener\u00e1ci\u00f3kn\u00e1l van ilyen \u00e9rz\u00e9sem. kommentekb\u0151l, besz\u00e9lget\u00e9sekb\u0151l. Ha j\u00f3l l\u00e1ttam a k\u00f6nyvben, \u00f6n ezt egy nagyon fontos k\u00e9rd\u00e9snek tartja, hogy mit tehetnek az emberek ma, mit tesznek holnap-holnap ut\u00e1n, kik sz\u00e1llnak fel a vonatra.<\/p>\n\n\n\n<p>Orban<br>Igen, \u00e9s nekem nincs v\u00e9gleges v\u00e1laszom arra, hogy milyen m\u00f3don fog az ember \u00e9s az emberis\u00e9g megv\u00e1ltozni ennek az alapj\u00e1n, \u00e9s hogy van-e garancia arra, hogy nem csak egyedi m\u00f3don, hanem t\u00e1rsadalmi csoportok szerint is tudjunk alkalmazkodni ehhez a j\u00f6v\u0151h\u00f6z. Nagyon nagy kih\u00edv\u00e1s, \u00e9s fontos, hogy c\u00e9lszer\u0171 m\u00f3don \u00fagy szervezz\u00fck meg a j\u00f6v\u0151nket, hogy legyen \u00e9rtelme \u00e9lni egy olyan j\u00f6v\u0151ben, amit szeret\u00fcnk, amit a magunk\u00e9nak tudunk h\u00edvni, \u00e9s felismerj\u00fck, hogy egy\u00fctt legy\u00fcnk a messzes\u00e9ges intelligenci\u00e1val, a robotokkal, \u00e9s ne t\u00f6rt\u00e9njen az, ami t\u00f6rt\u00e9nt a lovakkal, amiket nemcsak lev\u00e1ltottunk, amikor m\u00e1r nem kellett, hogy a kocsinkat h\u00fazz\u00e1k, hanem tulajdonk\u00e9ppen megett\u00fck \u0151ket. \u00c9s hogyan fog ez lezajlani a k\u00f6vetkez\u0151 nem \u00e9vsz\u00e1zadokban, m\u00e9g nem is sok \u00e9vtizedben, hanem a k\u00f6vetkez\u0151 n\u00e9h\u00e1ny \u00e9vben, t\u00e9nyleg meg fogja szabni az emberis\u00e9g j\u00f6v\u0151j\u00e9t.<\/p>\n\n\n\n<p>\u00c9rczfalvi<br>MWM Future Talks, ugye okt\u00f3ber 11-e. Mi lesz a legizgalmasabb meg\u00e1llap\u00edt\u00e1sa? D\u00e1vid, azt hadd k\u00e9rdezzem meg, vagy mi lesz az, amit azt gondolja, hogy komoly vit\u00e1t v\u00e1lthat ki az \u00f6n meg\u00e1llap\u00edt\u00e1sai k\u00f6z\u00fcl?<\/p>\n\n\n\n<p>Orban<br>El kell, hogy d\u00f6nts\u00fck, hogy a radik\u00e1lis v\u00e1ltoz\u00e1sok alapj\u00e1n az az \u00e9letforma, ami ki fog fejl\u0151dni, elfogadjuk-e, hogy embernek h\u00edvjuk, teh\u00e1t kib\u0151v\u00edtj\u00fck-e a defin\u00edci\u00f3j\u00e1t, mit jelent az, hogy embernek lenni a j\u00f6v\u0151ben, \u00e9s hogyha az az \u00e9letforma elfogadja ezt, \u00e9s embernek h\u00edvja saj\u00e1t mag\u00e1t, mi b\u00fcszk\u00e9k tudunk jelenni arra, hogy a vil\u00e1gegyetemet kutatjuk egy\u00fctt.<\/p>\n\n\n\n<p>\u00c9rczfalvi<br>A k\u00f6nyv\u00e9nek a c\u00edme az, hogy <a href=\"https:\/\/www.libri.hu\/konyv\/david_orban.valami-uj--3.html\" title=\"\">Valami \u00daj?<\/a> Ez k\u00e9rd\u00e9s, \u00e9s nem meg\u00e1llap\u00edt\u00e1s. Ez l\u00e9nyeges, ugye? Van k\u00fcl\u00f6nb\u00f6z\u0151s\u00e9g.<\/p>\n\n\n\n<p>Orban<br>A k\u00fcl\u00f6nb\u00f6z\u0151s\u00e9g, az egyik legfontosabb dolog a mai vil\u00e1gban, hogy fejl\u0151dj\u00f6n k\u00e9pess\u00e9g\u00fcnk \u00e9rt\u00e9kes k\u00e9rd\u00e9sek felt\u00e9tel\u00e9re. A v\u00e1laszokat megtal\u00e1lhatjuk, m\u00e9g a mesters\u00e9ges intelligencia seg\u00edts\u00e9g\u00e9vel is. De hogyan tessz\u00fck fel a k\u00e9rd\u00e9seket, az szabja meg tulajdonk\u00e9ppen, hogy milyen ir\u00e1nyban kutatjuk a j\u00f6v\u0151t. Ez\u00e9rt teszem f\u00f6l a k\u00f6nyvem c\u00edm\u00e9t is ilyen k\u00e9rd\u00e9s form\u00e1j\u00e1ban.<\/p>\n\n\n\n<p>\u00c9rczfalvi<br>Nagyon sz\u00e9pen k\u00f6sz\u00f6n\u00f6m, izgatottan v\u00e1rom majd okt\u00f3ber 11-\u00e9t, meg az MVM Future Talks konferenci\u00e1t is, meg az el\u0151ad\u00e1s\u00e1t is.<\/p>\n\n\n\n<p>Orban<br>Nagyon sz\u00e9pen k\u00f6sz\u00f6n\u00f6m a besz\u00e9lget\u00e9st, hogy megh\u00edvtak, \u00e9s rem\u00e9lem, hogy a hallgat\u00f3k is \u00e9rdekesnek tal\u00e1lt\u00e1k ezt a besz\u00e9lget\u00e9st.<\/p>\n\n\n\n<p>\u00c9rczfalvi<br>K\u00f6sz\u00f6n\u00f6m sz\u00e9pen Orb\u00e1n D\u00e1vid, szerz\u0151, el\u0151ad\u00f3, az Actioneer alap\u00edt\u00f3ja \u00e9s vez\u00e9rigazgat\u00f3ja, az MVM Future Talks szak\u00e9rt\u0151je volt a vend\u00e9gem. J\u00f3 munk\u00e1t \u00e9s j\u00f3 konferenci\u00e1t.<\/p>\n\n\n\n<p><\/p>\n","protected":false},"excerpt":{"rendered":"<p>N\u00e9h\u00e1ny nappal ezel\u0151tt interj\u00fat adtam \u00c9rczfalvi Andr\u00e1snak a TrendFM r\u00e1di\u00f3\u00e1llom\u00e1s Monitor D\u00e9lut\u00e1n c\u00edm\u0171 m\u0171sor\u00e1ban. Az al\u00e1bbiakban az interj\u00fa szerkesztett v\u00e1ltozata olvashat\u00f3. \u00c9rczfalvi Andr\u00e1sFolytat\u00f3dik a Monitor D\u00e9lut\u00e1n, okt\u00f3ber 11-e, MVM Future Talks, \u00e9s ahogy ezt a beharangoz\u00f3ban is eml\u00edtettem, a telefonvonal m\u00e1sik v\u00e9g\u00e9n vend\u00e9gem lesz Orb\u00e1n D\u00e1vid, aki szerz\u0151, el\u0151ad\u00f3, az Actioneer alap\u00edt\u00f3ja, vez\u00e9rigazgat\u00f3ja \u00e9s az [&hellip;]<\/p>\n","protected":false},"author":2,"featured_media":11101,"comment_status":"closed","ping_status":"open","sticky":false,"template":"","format":"standard","meta":{"om_disable_all_campaigns":false,"site-sidebar-layout":"default","site-content-layout":"","ast-site-content-layout":"default","site-content-style":"default","site-sidebar-style":"default","ast-global-header-display":"","ast-banner-title-visibility":"","ast-main-header-display":"","ast-hfb-above-header-display":"","ast-hfb-below-header-display":"","ast-hfb-mobile-header-display":"","site-post-title":"","ast-breadcrumbs-content":"","ast-featured-img":"","footer-sml-layout":"","ast-disable-related-posts":"","theme-transparent-header-meta":"","adv-header-id-meta":"","stick-header-meta":"","header-above-stick-meta":"","header-main-stick-meta":"","header-below-stick-meta":"","astra-migrate-meta-layouts":"set","ast-page-background-enabled":"default","ast-page-background-meta":{"desktop":{"background-color":"","background-image":"","background-repeat":"repeat","background-position":"center center","background-size":"auto","background-attachment":"scroll","background-type":"","background-media":"","overlay-type":"","overlay-color":"","overlay-opacity":"","overlay-gradient":""},"tablet":{"background-color":"","background-image":"","background-repeat":"repeat","background-position":"center center","background-size":"auto","background-attachment":"scroll","background-type":"","background-media":"","overlay-type":"","overlay-color":"","overlay-opacity":"","overlay-gradient":""},"mobile":{"background-color":"","background-image":"","background-repeat":"repeat","background-position":"center center","background-size":"auto","background-attachment":"scroll","background-type":"","background-media":"","overlay-type":"","overlay-color":"","overlay-opacity":"","overlay-gradient":""}},"ast-content-background-meta":{"desktop":{"background-color":"var(--ast-global-color-5)","background-image":"","background-repeat":"repeat","background-position":"center center","background-size":"auto","background-attachment":"scroll","background-type":"","background-media":"","overlay-type":"","overlay-color":"","overlay-opacity":"","overlay-gradient":""},"tablet":{"background-color":"var(--ast-global-color-5)","background-image":"","background-repeat":"repeat","background-position":"center center","background-size":"auto","background-attachment":"scroll","background-type":"","background-media":"","overlay-type":"","overlay-color":"","overlay-opacity":"","overlay-gradient":""},"mobile":{"background-color":"var(--ast-global-color-5)","background-image":"","background-repeat":"repeat","background-position":"center center","background-size":"auto","background-attachment":"scroll","background-type":"","background-media":"","overlay-type":"","overlay-color":"","overlay-opacity":"","overlay-gradient":""}},"footnotes":""},"categories":[3975,3974],"tags":[],"class_list":["post-11108","post","type-post","status-publish","format-standard","has-post-thumbnail","hentry","category-interju","category-mesterseges-intelligencia"],"aioseo_notices":[],"_links":{"self":[{"href":"https:\/\/davidorban.com\/hu\/wp-json\/wp\/v2\/posts\/11108","targetHints":{"allow":["GET"]}}],"collection":[{"href":"https:\/\/davidorban.com\/hu\/wp-json\/wp\/v2\/posts"}],"about":[{"href":"https:\/\/davidorban.com\/hu\/wp-json\/wp\/v2\/types\/post"}],"author":[{"embeddable":true,"href":"https:\/\/davidorban.com\/hu\/wp-json\/wp\/v2\/users\/2"}],"replies":[{"embeddable":true,"href":"https:\/\/davidorban.com\/hu\/wp-json\/wp\/v2\/comments?post=11108"}],"version-history":[{"count":2,"href":"https:\/\/davidorban.com\/hu\/wp-json\/wp\/v2\/posts\/11108\/revisions"}],"predecessor-version":[{"id":11110,"href":"https:\/\/davidorban.com\/hu\/wp-json\/wp\/v2\/posts\/11108\/revisions\/11110"}],"wp:featuredmedia":[{"embeddable":true,"href":"https:\/\/davidorban.com\/hu\/wp-json\/wp\/v2\/media\/11101"}],"wp:attachment":[{"href":"https:\/\/davidorban.com\/hu\/wp-json\/wp\/v2\/media?parent=11108"}],"wp:term":[{"taxonomy":"category","embeddable":true,"href":"https:\/\/davidorban.com\/hu\/wp-json\/wp\/v2\/categories?post=11108"},{"taxonomy":"post_tag","embeddable":true,"href":"https:\/\/davidorban.com\/hu\/wp-json\/wp\/v2\/tags?post=11108"}],"curies":[{"name":"wp","href":"https:\/\/api.w.org\/{rel}","templated":true}]}}