{"id":12038,"date":"2025-12-20T07:01:20","date_gmt":"2025-12-20T07:01:20","guid":{"rendered":"https:\/\/davidorban.com\/2025\/12\/tiz-evvel-kesobb-a-valami-uj-kiadasa-a-kozossegi-mediaban\/"},"modified":"2025-12-23T07:18:01","modified_gmt":"2025-12-23T07:18:01","slug":"tiz-evvel-kesobb-a-valami-uj-kiadasa-a-kozossegi-mediaban","status":"publish","type":"post","link":"https:\/\/davidorban.com\/hu\/2025\/12\/tiz-evvel-kesobb-a-valami-uj-kiadasa-a-kozossegi-mediaban\/","title":{"rendered":"T\u00edz \u00e9vvel k\u00e9s\u0151bb: A \u201eValami \u00faj?\u201d kiad\u00e1sa a k\u00f6z\u00f6ss\u00e9gi m\u00e9di\u00e1ban"},"content":{"rendered":"\n<p>2015-ben befejeztem egy k\u00f6nyv \u00edr\u00e1s\u00e1t a mesters\u00e9ges intelligenci\u00e1r\u00f3l, amelyet szinte senki sem k\u00e9rt.<\/p>\n\n<p>Akkoriban az MI m\u00e9g els\u0151sorban kutat\u00e1si t\u00e9ma volt. A m\u00e9lytanul\u00e1s fejl\u0151d\u00f6tt, de az alapmodellek m\u00e9g nem l\u00e9teztek. Nem voltak mindennapi munkafolyamatokba \u00e1gyazott rendszerek, nem \u00e1rasztotta el a mesters\u00e9ges intelligencia \u00e1ltal gener\u00e1lt sz\u00f6veg az internetet, nem zajlottak tart\u00f3s politikai vit\u00e1k az \u00f6sszehangol\u00e1sr\u00f3l vagy a sz\u00e1m\u00edt\u00e1si er\u0151forr\u00e1sok ir\u00e1ny\u00edt\u00e1s\u00e1r\u00f3l. A legt\u00f6bb besz\u00e9lget\u00e9s robotokr\u00f3l, automatiz\u00e1l\u00e1sr\u00f3l \u00e9s egy hom\u00e1lyosan t\u00e1voli j\u00f6v\u0151r\u0151l sz\u00f3lt.   <\/p>\n\n<figure class=\"wp-block-image size-large\"><img fetchpriority=\"high\" decoding=\"async\" width=\"1024\" height=\"576\" src=\"https:\/\/davidorban.com\/wp-content\/uploads\/2025\/12\/54c7de3e-bf18-4142-b938-552a26f3d69d_1920x1080-1024x576.jpg\" alt=\"\" class=\"wp-image-12034\" srcset=\"https:\/\/davidorban.com\/wp-content\/uploads\/2025\/12\/54c7de3e-bf18-4142-b938-552a26f3d69d_1920x1080-1024x576.jpg 1024w, https:\/\/davidorban.com\/wp-content\/uploads\/2025\/12\/54c7de3e-bf18-4142-b938-552a26f3d69d_1920x1080-300x169.jpg 300w, https:\/\/davidorban.com\/wp-content\/uploads\/2025\/12\/54c7de3e-bf18-4142-b938-552a26f3d69d_1920x1080-768x432.jpg 768w, https:\/\/davidorban.com\/wp-content\/uploads\/2025\/12\/54c7de3e-bf18-4142-b938-552a26f3d69d_1920x1080-1536x864.jpg 1536w, https:\/\/davidorban.com\/wp-content\/uploads\/2025\/12\/54c7de3e-bf18-4142-b938-552a26f3d69d_1920x1080.jpg 1920w\" sizes=\"(max-width: 1024px) 100vw, 1024px\" \/><\/figure>\n\n<p>Az\u00e9rt \u00edrtam a <em>Valami \u00faj: MI-k \u00e9s mi<\/em> c\u00edm\u0171 k\u00f6nyvet, mert \u00fagy gondoltam, hogy ez a keretez\u00e9s nem megfelel\u0151. A k\u00f6nyv k\u00f6zponti \u00e9rve nem az id\u0151vonalakr\u00f3l vagy arr\u00f3l sz\u00f3lt, hogy a g\u00e9pek bizonyos feladatokban fel\u00fclm\u00falj\u00e1k az embereket. A m\u00e9retr\u0151l sz\u00f3lt.  <\/p>\n\n<p>A mesters\u00e9ges intelligenci\u00e1t \u2013 \u00e9rveltem \u2013 nem egy\u00e9ni elme szintj\u00e9n kellene \u00e9rteni, hanem a civiliz\u00e1ci\u00f3 szintj\u00e9n. A technol\u00f3gia nem csup\u00e1n t\u00e1mogatja az emberis\u00e9get. Alak\u00edtja azt, ami az emberis\u00e9g <em>val\u00f3j\u00e1ban<\/em>. Ha az MI \u00e1tl\u00e9p bizonyos k\u00fcsz\u00f6b\u00f6ket, nem csup\u00e1n feladatokat automatiz\u00e1lna, hanem \u00fajrakonfigur\u00e1ln\u00e1 a t\u00e1rsadalmi koordin\u00e1ci\u00f3t, a tud\u00e1s termel\u00e9s\u00e9t \u00e9s mag\u00e1t a cselekv\u0151k\u00e9pess\u00e9get.   <\/p>\n\n<p>Ez a keretez\u00e9s jobban ki\u00e1llta az id\u0151 pr\u00f3b\u00e1j\u00e1t, mint v\u00e1rtam, nem az\u00e9rt, mert b\u00e1rmely konkr\u00e9t j\u00f3slat bev\u00e1lt volna, hanem mert az alapvet\u0151 k\u00e9rd\u00e9s bizonyult helyesnek.<\/p>\n\n<h2 class=\"wp-block-heading\">Mi v\u00e1ltozott?<\/h2>\n\n<p>Az elm\u00falt \u00e9vtizedben az MI hipotetikusb\u00f3l infrastruktur\u00e1liss\u00e1 v\u00e1lt. A modellek m\u00e1r nem \u00e9rdekess\u00e9gek vagy laborat\u00f3riumi bemutat\u00f3k. Be\u00e9p\u00fcltek a gazdas\u00e1gi munkafolyamatokba, a kreat\u00edv gyakorlatokba, a korm\u00e1nyz\u00e1si folyamatokba \u00e9s az episztemikus cs\u0151vezet\u00e9kekbe.  <\/p>\n\n<p>Ennek eredm\u00e9nyek\u00e9nt a vita eltol\u00f3dott. A k\u00f6zponti k\u00e9rd\u00e9s m\u00e1r nem az, hogy <em>\u201eMeg tudjuk ezt \u00e9p\u00edteni?\u201d<\/em>, hanem az, hogy <em>\u201eMilyen hat\u00e1ssal van ez a hatalomra, az \u00f6szt\u00f6nz\u0151kre, a legitimit\u00e1sra \u00e9s a bizalomra?\u201d<\/em> <\/p>\n\n<p>A k\u00f6nyv el\u0151re l\u00e1tta ezt az ir\u00e1nyv\u00e1lt\u00e1st, b\u00e1r nem a sebess\u00e9g\u00e9t vagy a jelleg\u00e9t. Azt azonban nem tudta el\u0151re l\u00e1tni, milyen \u00e9rz\u00e9s \u00e1t\u00e9lni egy olyan intelligencia-\u00e1tmenetet, amely nem egyetlen t\u00f6r\u00e9sk\u00e9nt, hanem folyamatos \u00e1talakul\u00e1sk\u00e9nt \u00e9rkezik, egyenetlen\u00fcl elosztva az int\u00e9zm\u00e9nyek, r\u00e9gi\u00f3k \u00e9s t\u00e1rsadalmi r\u00e9tegek k\u00f6z\u00f6tt. <\/p>\n\n<h2 class=\"wp-block-heading\">K\u00f6zkincs\u00e9 t\u00e9tele<\/h2>\n\n<p>Ezen v\u00e1ltoz\u00e1s f\u00e9ny\u00e9ben visszaszereztem a k\u00f6nyv jogait az eredeti kiad\u00f3t\u00f3l, \u00e9s <strong>Creative Commons Nevezd meg! 4.0 Nemzetk\u00f6zi (CC\u2011BY\u20114.0)<\/strong> licenc alatt tettem k\u00f6zz\u00e9.<\/p>\n\n<p>A teljes sz\u00f6veg mostant\u00f3l ingyenesen el\u00e9rhet\u0151 online <strong>n\u00e9gy nyelven<\/strong>: angolul, olaszul, spanyolul \u00e9s magyarul. B\u00e1rki elolvashatja, megoszthatja, tov\u00e1bbford\u00edthatja vagy felhaszn\u00e1lhatja, a forr\u00e1s megjel\u00f6l\u00e9s\u00e9vel. <\/p>\n\n<p><strong>Olvassa el ingyen:<\/strong> <a href=\"https:\/\/somethingnew.davidorban.com\/\">somethingnew.davidorban.com<\/a><\/p>\n\n<p>Azoknak az olvas\u00f3knak, akik a fizikai vagy e-k\u00f6nyv form\u00e1tumokat r\u00e9szes\u00edtik el\u0151nyben, a puhak\u00f6t\u00e9s\u0171 \u00e9s Kindle kiad\u00e1sok tov\u00e1bbra is el\u00e9rhet\u0151k az Amazonon, a webhelyen megadott linkekkel. A megk\u00fcl\u00f6nb\u00f6ztet\u00e9s sz\u00e1nd\u00e9kos.  <em>Az \u00f6tletek nyitottak. A form\u00e1tumok opcion\u00e1lisak. A k\u00e9nyelem\u00e9rt fizet.  <\/em><\/p>\n\n<h2 class=\"wp-block-heading\">Amit a k\u00f6nyv nem t\u00e1rgyal<\/h2>\n\n<p>Visszatekintve, vannak fontos dolgok, amelyeket a <em>Valami \u00faj<\/em> nem t\u00e1rgyal. Ezek a hi\u00e1nyoss\u00e1gok nem v\u00e9letlenek, \u00e9s \u00e9rdemes \u0151ket kifejezetten megnevezni. <\/p>\n\n<p><strong>Az \u00f6sszehangol\u00e1s mint operat\u00edv probl\u00e9ma.<\/strong> A k\u00f6nyv felt\u00e9telezi, hogy a kell\u0151en fejlett intelligenci\u00e1k felismern\u00e9k az egy\u00fcttm\u0171k\u00f6d\u00e9s, a pluralizmus \u00e9s a k\u00f6z\u00f6s c\u00e9lok \u00e9rt\u00e9k\u00e9t. Egy \u00e9vtizednyi, az algoritmikus rendszerek \u00e1ltal feler\u0151s\u00edtett, rosszul \u00f6sszehangolt \u00f6szt\u00f6nz\u0151k megfigyel\u00e9se az emberi int\u00e9zm\u00e9nyekben vil\u00e1goss\u00e1 teszi, hogy ez a felt\u00e9telez\u00e9s sokkal szigor\u00fabb kezel\u00e9st ig\u00e9nyel. Az \u00f6sszehangol\u00e1s nem filoz\u00f3fiai preferencia. M\u00e9rn\u00f6ki, gazdas\u00e1gi \u00e9s int\u00e9zm\u00e9nyi probl\u00e9ma.   <\/p>\n\n<p><strong>Politikai gazdas\u00e1gtan \u00e9s hatalom.<\/strong> A k\u00f6nyv nagyr\u00e9szt z\u00e1r\u00f3jelbe teszi a t\u0151kekoncentr\u00e1ci\u00f3t, a platformdinamik\u00e1t \u00e9s a geopolitikai versenyt. Ma ezek k\u00f6zponti szerepet j\u00e1tszanak az MI-r\u0151l sz\u00f3l\u00f3 b\u00e1rmely komoly vit\u00e1ban, nem az\u00e9rt, mert a technol\u00f3gia ir\u00e1nyt v\u00e1ltoztatott, hanem mert el\u00e9g gyorsan sk\u00e1l\u00e1z\u00f3dott ahhoz, hogy \u00fctk\u00f6zz\u00f6n val\u00f3s int\u00e9zm\u00e9nyekkel \u00e9s be\u00e1gyazott \u00e9rdekekkel. <\/p>\n\n<p><strong>Empirikus alap.<\/strong> 2015-ben a sk\u00e1l\u00e1z\u00e1si t\u00f6rv\u00e9nyek, a felmer\u00fcl\u0151 k\u00e9pess\u00e9gek \u00e9s a telep\u00edt\u00e9s-vez\u00e9relt visszacsatol\u00e1si hurkok spekulat\u00edvak voltak. Ma m\u00e1r m\u00e9rhet\u0151k. Ez az eltol\u00f3d\u00e1s megv\u00e1ltoztatja a felel\u0151ss\u00e9g, az ir\u00e1ny\u00edt\u00e1s \u00e9s a s\u00fcrg\u0151ss\u00e9g term\u00e9szet\u00e9t oly m\u00f3don, amelyet akkoriban neh\u00e9z volt szigor\u00faan igazolni.  <\/p>\n\n<p>Ezeket a hi\u00e1nyoss\u00e1gokat nem kudarcnak tekintem. Intellektu\u00e1lis f\u00e1zis\u00e1tmenet jelz\u0151inek l\u00e1tom \u0151ket. A <em>Valami \u00faj<\/em> a szint\u00e9zis els\u0151 hull\u00e1m\u00e1hoz tartozik, m\u00e9g miel\u0151tt az MI mindennaposs\u00e1 v\u00e1lt volna. Mai \u00e9rt\u00e9ke egy id\u0151b\u00e9lyeggel ell\u00e1tott alapvonal: feljegyz\u00e9s arr\u00f3l, amit az els\u0151 elvekb\u0151l le lehetett vezetni, miel\u0151tt a k\u00f6d felsz\u00e1llt \u00e9s a terep l\u00e1that\u00f3v\u00e1 v\u00e1lt.  <\/p>\n\n<h2 class=\"wp-block-heading\">Mi k\u00f6vetkezik?<\/h2>\n\n<p>Ha ma \u00edrn\u00e1m ezt a k\u00f6nyvet, nem egy \u00e1tdolgozott kiad\u00e1s lenne. Egy kieg\u00e9sz\u00edt\u0151 m\u0171 lenne, amely kifejezetten szembe\u00e1ll\u00edtan\u00e1 a korai intu\u00edci\u00f3kat a 2022 ut\u00e1ni val\u00f3s\u00e1ggal. <\/p>\n\n<p>Egy ilyen m\u0171 az \u00f6sszehangol\u00e1st int\u00e9zm\u00e9nyi tervez\u00e9sk\u00e9nt kezeln\u00e9, nem csup\u00e1n a modellek tulajdons\u00e1gak\u00e9nt. A hatalmat a bevezet\u00e9s \u00e9s az \u00f6szt\u00f6nz\u0151k felmer\u00fcl\u0151 k\u00f6vetkezm\u00e9nyek\u00e9nt vizsg\u00e1ln\u00e1, nem sz\u00e1nd\u00e9kk\u00e9nt. \u00c9s komolyan venn\u00e9 azt a t\u00e9nyt, hogy az intelligenci\u00e1t most m\u00e1r szervezetek r\u00e9v\u00e9n sk\u00e1l\u00e1zz\u00e1k \u00e9s terjesztik, j\u00f3val azel\u0151tt, hogy egys\u00e9ges\u00edten\u00e9k vagy teljesen meg\u00e9rten\u00e9k.  <\/p>\n\n<p>Egyel\u0151re az eredeti k\u00f6nyv k\u00f6zkincs\u00e9 t\u00e9tele t\u0171nt a helyes l\u00e9p\u00e9snek. A tud\u00e1s akkor gyarapszik a legjobban, ha nincs elz\u00e1rva. T\u00edz \u00e9v eltelt\u00e9vel a besz\u00e9lget\u00e9s, amelyet ez a k\u00f6nyv elind\u00edtani pr\u00f3b\u00e1lt, m\u00e1r nem margin\u00e1lis. Elker\u00fclhetetlen.   <\/p>\n\n<p>A k\u00e9rd\u00e9s nem az, hogy t\u00f6rt\u00e9nik-e valami \u00faj. Hanem az, hogy \u00e9p\u00edtj\u00fck-e azokat az int\u00e9zm\u00e9nyeket, keretrendszereket \u00e9s gondolkod\u00e1sbeli tiszt\u00e1nl\u00e1t\u00e1st, amelyek sz\u00fcks\u00e9gesek ahhoz, hogy megfelelj\u00fcnk neki. <\/p>\n\n<p>Ink\u00e1bb ny\u00edltan, egy\u00fctt fedezn\u00e9m fel ezt a k\u00e9rd\u00e9st.<\/p>\n","protected":false},"excerpt":{"rendered":"<p>2015-ben befejeztem egy k\u00f6nyv \u00edr\u00e1s\u00e1t a mesters\u00e9ges intelligenci\u00e1r\u00f3l, amelyet szinte senki sem k\u00e9rt. Akkoriban az MI m\u00e9g els\u0151sorban kutat\u00e1si t\u00e9ma volt. A m\u00e9lytanul\u00e1s fejl\u0151d\u00f6tt, de az alapmodellek m\u00e9g nem l\u00e9teztek. Nem voltak mindennapi munkafolyamatokba \u00e1gyazott rendszerek, nem \u00e1rasztotta el a mesters\u00e9ges intelligencia \u00e1ltal gener\u00e1lt sz\u00f6veg az internetet, nem zajlottak tart\u00f3s politikai vit\u00e1k az \u00f6sszehangol\u00e1sr\u00f3l vagy [&hellip;]<\/p>\n","protected":false},"author":2,"featured_media":12037,"comment_status":"closed","ping_status":"open","sticky":false,"template":"","format":"standard","meta":{"om_disable_all_campaigns":false,"site-sidebar-layout":"default","site-content-layout":"","ast-site-content-layout":"default","site-content-style":"default","site-sidebar-style":"default","ast-global-header-display":"","ast-banner-title-visibility":"","ast-main-header-display":"","ast-hfb-above-header-display":"","ast-hfb-below-header-display":"","ast-hfb-mobile-header-display":"","site-post-title":"","ast-breadcrumbs-content":"","ast-featured-img":"","footer-sml-layout":"","ast-disable-related-posts":"","theme-transparent-header-meta":"","adv-header-id-meta":"","stick-header-meta":"","header-above-stick-meta":"","header-main-stick-meta":"","header-below-stick-meta":"","astra-migrate-meta-layouts":"default","ast-page-background-enabled":"default","ast-page-background-meta":{"desktop":{"background-color":"","background-image":"","background-repeat":"repeat","background-position":"center center","background-size":"auto","background-attachment":"scroll","background-type":"","background-media":"","overlay-type":"","overlay-color":"","overlay-opacity":"","overlay-gradient":""},"tablet":{"background-color":"","background-image":"","background-repeat":"repeat","background-position":"center center","background-size":"auto","background-attachment":"scroll","background-type":"","background-media":"","overlay-type":"","overlay-color":"","overlay-opacity":"","overlay-gradient":""},"mobile":{"background-color":"","background-image":"","background-repeat":"repeat","background-position":"center center","background-size":"auto","background-attachment":"scroll","background-type":"","background-media":"","overlay-type":"","overlay-color":"","overlay-opacity":"","overlay-gradient":""}},"ast-content-background-meta":{"desktop":{"background-color":"var(--ast-global-color-5)","background-image":"","background-repeat":"repeat","background-position":"center center","background-size":"auto","background-attachment":"scroll","background-type":"","background-media":"","overlay-type":"","overlay-color":"","overlay-opacity":"","overlay-gradient":""},"tablet":{"background-color":"var(--ast-global-color-5)","background-image":"","background-repeat":"repeat","background-position":"center center","background-size":"auto","background-attachment":"scroll","background-type":"","background-media":"","overlay-type":"","overlay-color":"","overlay-opacity":"","overlay-gradient":""},"mobile":{"background-color":"var(--ast-global-color-5)","background-image":"","background-repeat":"repeat","background-position":"center center","background-size":"auto","background-attachment":"scroll","background-type":"","background-media":"","overlay-type":"","overlay-color":"","overlay-opacity":"","overlay-gradient":""}},"footnotes":""},"categories":[3981],"tags":[],"class_list":["post-12038","post","type-post","status-publish","format-standard","has-post-thumbnail","hentry","category-altalanos"],"aioseo_notices":[],"_links":{"self":[{"href":"https:\/\/davidorban.com\/hu\/wp-json\/wp\/v2\/posts\/12038","targetHints":{"allow":["GET"]}}],"collection":[{"href":"https:\/\/davidorban.com\/hu\/wp-json\/wp\/v2\/posts"}],"about":[{"href":"https:\/\/davidorban.com\/hu\/wp-json\/wp\/v2\/types\/post"}],"author":[{"embeddable":true,"href":"https:\/\/davidorban.com\/hu\/wp-json\/wp\/v2\/users\/2"}],"replies":[{"embeddable":true,"href":"https:\/\/davidorban.com\/hu\/wp-json\/wp\/v2\/comments?post=12038"}],"version-history":[{"count":1,"href":"https:\/\/davidorban.com\/hu\/wp-json\/wp\/v2\/posts\/12038\/revisions"}],"predecessor-version":[{"id":12039,"href":"https:\/\/davidorban.com\/hu\/wp-json\/wp\/v2\/posts\/12038\/revisions\/12039"}],"wp:featuredmedia":[{"embeddable":true,"href":"https:\/\/davidorban.com\/hu\/wp-json\/wp\/v2\/media\/12037"}],"wp:attachment":[{"href":"https:\/\/davidorban.com\/hu\/wp-json\/wp\/v2\/media?parent=12038"}],"wp:term":[{"taxonomy":"category","embeddable":true,"href":"https:\/\/davidorban.com\/hu\/wp-json\/wp\/v2\/categories?post=12038"},{"taxonomy":"post_tag","embeddable":true,"href":"https:\/\/davidorban.com\/hu\/wp-json\/wp\/v2\/tags?post=12038"}],"curies":[{"name":"wp","href":"https:\/\/api.w.org\/{rel}","templated":true}]}}